{"id":1452,"date":"2024-10-29T05:46:03","date_gmt":"2024-10-29T04:46:03","guid":{"rendered":"https:\/\/aviza.webeta.be\/la-prime-de-mon-assurance-solde-restant-du-est-elle-deductible-fiscalement\/"},"modified":"2025-05-26T13:16:03","modified_gmt":"2025-05-26T11:16:03","slug":"la-prime-de-mon-assurance-solde-restant-du-est-elle-deductible-fiscalement","status":"publish","type":"post","link":"https:\/\/aviza.be\/fr\/ressources\/blog\/la-prime-de-mon-assurance-solde-restant-du-est-elle-deductible-fiscalement\/","title":{"rendered":"La prime de mon assurance solde restant d\u00fb est-elle d\u00e9ductible fiscalement ?"},"content":{"rendered":"\n<h2 class=\"wp-block-heading\">L\u2019avantage fiscal li\u00e9 aux pr\u00eats hypoth\u00e9caires a \u00e9t\u00e9 supprim\u00e9 en Flandre. Puis-je encore d\u00e9duire fiscalement la prime de mon assurance solde restant d\u00fb ? <\/h2>\n\n<p>Votre assurance solde restant d\u00fb garantit le remboursement de votre pr\u00eat hypoth\u00e9caire en cas de d\u00e9c\u00e8s pr\u00e9matur\u00e9. Dans le cas d\u2019un pr\u00eat hypoth\u00e9caire contract\u00e9 dans le but d\u2019acqu\u00e9rir ou d\u2019entretenir le foyer familial, les primes \u00e9taient d\u00e9ductibles fiscalement jusque fin 2019 dans l\u2019enveloppe de la prime Flamande au logement. Toutefois, la prime au logement a \u00e9t\u00e9 supprim\u00e9e en Flandre depuis le 1e janvier 2020.  <\/p>\n\n<p>La situation reste inchang\u00e9e pour les pr\u00eats hypoth\u00e9caires et les assurances solde restant d\u00fb correspondants contract\u00e9s en 2019. N\u00e9anmoins, si votre pr\u00eat hypoth\u00e9caire a \u00e9t\u00e9 contract\u00e9 apr\u00e8s le 1e janvier 2020, vos primes ne seront plus d\u00e9ductibles dans le cadre de la prime Flamande au logement. <\/p>\n\n<h2 class=\"wp-block-heading\">\u00c9pargne-pension<\/h2>\n\n<p>Il existe toutefois une autre option fiscale. En effet, l\u2019enveloppe de l\u2019\u00e9pargne-pension existe toujours avec les m\u00eames conditions. Pour un montant allant jusqu\u2019\u00e0 990\u20ac, vous b\u00e9n\u00e9ficiez d\u2019une r\u00e9duction d\u2019imp\u00f4t de 30% sur la prime de votre assurance solde restant d\u00fb dans l\u2019enveloppe fiscale de l\u2019\u00e9pargne pension. Ce m\u00eame taux de r\u00e9duction d\u2019imp\u00f4t diminue \u00e0 25% pour les montants entre 990\u20ac et 1270\u20ac, toujours dans la m\u00eame enveloppe fiscale. Cependant, il faut noter qu\u2019une d\u00e9duction fiscale de votre prime d\u2019assurance solde restant d\u00fb implique que vos h\u00e9ritiers paieront un imp\u00f4t de 8% sur le capital distribu\u00e9. Si vous n\u2019avez pas opt\u00e9 pour la d\u00e9duction fiscale de votre prime, il n\u2019y aura pas de pr\u00e9l\u00e8vement. Il est donc important de bien r\u00e9fl\u00e9chir et de peser le pour et le contre d\u2019une d\u00e9duction fiscale de votre assurance solde restant d\u00fb. Notez que vous pouvez \u00e9galement choisir de constituer une pension compl\u00e9mentaire dans le m\u00eame panier fiscal.<\/p>\n","protected":false},"excerpt":{"rendered":"<p>L\u2019avantage fiscal li\u00e9 aux pr\u00eats hypoth\u00e9caires a \u00e9t\u00e9 supprim\u00e9 en Flandre. Puis-je encore d\u00e9duire fiscalement la prime de mon assurance solde restant d\u00fb ? Votre assurance solde restant d\u00fb garantit le remboursement de votre pr\u00eat hypoth\u00e9caire en cas de d\u00e9c\u00e8s pr\u00e9matur\u00e9. Dans le cas d\u2019un pr\u00eat hypoth\u00e9caire contract\u00e9 dans le but d\u2019acqu\u00e9rir ou d\u2019entretenir le [&hellip;]<\/p>\n","protected":false},"author":1,"featured_media":1450,"comment_status":"closed","ping_status":"open","sticky":false,"template":"","format":"standard","meta":{"_et_pb_use_builder":"off","_et_pb_old_content":"","_et_gb_content_width":"","footnotes":""},"categories":[20],"tags":[32],"class_list":["post-1452","post","type-post","status-publish","format-standard","has-post-thumbnail","hentry","category-blog","tag-epargne"],"_links":{"self":[{"href":"https:\/\/aviza.be\/fr\/wp-json\/wp\/v2\/posts\/1452","targetHints":{"allow":["GET"]}}],"collection":[{"href":"https:\/\/aviza.be\/fr\/wp-json\/wp\/v2\/posts"}],"about":[{"href":"https:\/\/aviza.be\/fr\/wp-json\/wp\/v2\/types\/post"}],"author":[{"embeddable":true,"href":"https:\/\/aviza.be\/fr\/wp-json\/wp\/v2\/users\/1"}],"replies":[{"embeddable":true,"href":"https:\/\/aviza.be\/fr\/wp-json\/wp\/v2\/comments?post=1452"}],"version-history":[{"count":1,"href":"https:\/\/aviza.be\/fr\/wp-json\/wp\/v2\/posts\/1452\/revisions"}],"predecessor-version":[{"id":1453,"href":"https:\/\/aviza.be\/fr\/wp-json\/wp\/v2\/posts\/1452\/revisions\/1453"}],"wp:featuredmedia":[{"embeddable":true,"href":"https:\/\/aviza.be\/fr\/wp-json\/wp\/v2\/media\/1450"}],"wp:attachment":[{"href":"https:\/\/aviza.be\/fr\/wp-json\/wp\/v2\/media?parent=1452"}],"wp:term":[{"taxonomy":"category","embeddable":true,"href":"https:\/\/aviza.be\/fr\/wp-json\/wp\/v2\/categories?post=1452"},{"taxonomy":"post_tag","embeddable":true,"href":"https:\/\/aviza.be\/fr\/wp-json\/wp\/v2\/tags?post=1452"}],"curies":[{"name":"wp","href":"https:\/\/api.w.org\/{rel}","templated":true}]}}